{"id":319,"date":"2018-10-15T10:27:47","date_gmt":"2018-10-15T08:27:47","guid":{"rendered":"https:\/\/www.talange-athletisme.fr\/?p=319"},"modified":"2018-10-17T19:04:06","modified_gmt":"2018-10-17T17:04:06","slug":"bravo-a-tristan-et-guy","status":"publish","type":"post","link":"https:\/\/www.talange-athletisme.fr\/?p=319","title":{"rendered":"Bravo \u00e0 Tristan et Guy"},"content":{"rendered":"<p>Bravo \u00e0 nos 2 repr\u00e9sentants qui ont particip\u00e9 aux 10 km de Metz-Mirabelle.<\/p>\n<p>Tristan ABISSE termine 4 eme senior en 32&rsquo;57\u00a0\u00bb et Guy AUDOIRE 191 eme v\u00e9t\u00e9ran en 51&rsquo;32\u00a0\u00bb.<\/p>\n","protected":false},"excerpt":{"rendered":"<p>Bravo \u00e0 nos 2 repr\u00e9sentants qui ont particip\u00e9 aux 10 km de Metz-Mirabelle. Tristan ABISSE termine 4 eme senior en<\/p>\n","protected":false},"author":2,"featured_media":0,"comment_status":"closed","ping_status":"closed","sticky":false,"template":"","format":"standard","meta":{"footnotes":""},"categories":[20],"tags":[],"yoast_head":"<!-- This site is optimized with the Yoast SEO plugin v15.5 - https:\/\/yoast.com\/wordpress\/plugins\/seo\/ -->\n<title>Bravo \u00e0 Tristan et Guy - Talange Athl\u00e9tisme<\/title>\n<meta name=\"robots\" content=\"index, follow, max-snippet:-1, max-image-preview:large, max-video-preview:-1\" \/>\n<link rel=\"canonical\" href=\"https:\/\/www.talange-athletisme.fr\/?p=319\" \/>\n<meta property=\"og:locale\" content=\"fr_FR\" \/>\n<meta property=\"og:type\" content=\"article\" \/>\n<meta property=\"og:title\" content=\"Bravo \u00e0 Tristan et Guy - Talange Athl\u00e9tisme\" \/>\n<meta property=\"og:description\" content=\"Bravo \u00e0 nos 2 repr\u00e9sentants qui ont particip\u00e9 aux 10 km de Metz-Mirabelle. Tristan ABISSE termine 4 eme senior en\" \/>\n<meta property=\"og:url\" content=\"https:\/\/www.talange-athletisme.fr\/?p=319\" \/>\n<meta property=\"og:site_name\" content=\"Talange Athl\u00e9tisme\" \/>\n<meta property=\"article:published_time\" content=\"2018-10-15T08:27:47+00:00\" \/>\n<meta property=\"article:modified_time\" content=\"2018-10-17T17:04:06+00:00\" \/>\n<meta name=\"twitter:card\" content=\"summary_large_image\" \/>\n<meta name=\"twitter:label1\" content=\"Dur\u00e9e de lecture est.\">\n\t<meta name=\"twitter:data1\" content=\"0 minute\">\n<script type=\"application\/ld+json\" class=\"yoast-schema-graph\">{\"@context\":\"https:\/\/schema.org\",\"@graph\":[{\"@type\":\"WebSite\",\"@id\":\"https:\/\/www.talange-athletisme.fr\/#website\",\"url\":\"https:\/\/www.talange-athletisme.fr\/\",\"name\":\"Talange Athl\\u00e9tisme\",\"description\":\"\",\"potentialAction\":[{\"@type\":\"SearchAction\",\"target\":\"https:\/\/www.talange-athletisme.fr\/?s={search_term_string}\",\"query-input\":\"required name=search_term_string\"}],\"inLanguage\":\"fr-FR\"},{\"@type\":\"WebPage\",\"@id\":\"https:\/\/www.talange-athletisme.fr\/?p=319#webpage\",\"url\":\"https:\/\/www.talange-athletisme.fr\/?p=319\",\"name\":\"Bravo \\u00e0 Tristan et Guy - Talange Athl\\u00e9tisme\",\"isPartOf\":{\"@id\":\"https:\/\/www.talange-athletisme.fr\/#website\"},\"datePublished\":\"2018-10-15T08:27:47+00:00\",\"dateModified\":\"2018-10-17T17:04:06+00:00\",\"author\":{\"@id\":\"https:\/\/www.talange-athletisme.fr\/#\/schema\/person\/28eed2875176e2e725076de1fd4f67a0\"},\"inLanguage\":\"fr-FR\",\"potentialAction\":[{\"@type\":\"ReadAction\",\"target\":[\"https:\/\/www.talange-athletisme.fr\/?p=319\"]}]},{\"@type\":\"Person\",\"@id\":\"https:\/\/www.talange-athletisme.fr\/#\/schema\/person\/28eed2875176e2e725076de1fd4f67a0\",\"name\":\"Jean-Marc Cavallin\",\"image\":{\"@type\":\"ImageObject\",\"@id\":\"https:\/\/www.talange-athletisme.fr\/#personlogo\",\"inLanguage\":\"fr-FR\",\"url\":\"https:\/\/secure.gravatar.com\/avatar\/68999f5de073d160bb4f93473f73eb6c?s=96&d=mm&r=g\",\"caption\":\"Jean-Marc Cavallin\"}}]}<\/script>\n<!-- \/ Yoast SEO plugin. -->","_links":{"self":[{"href":"https:\/\/www.talange-athletisme.fr\/index.php?rest_route=\/wp\/v2\/posts\/319"}],"collection":[{"href":"https:\/\/www.talange-athletisme.fr\/index.php?rest_route=\/wp\/v2\/posts"}],"about":[{"href":"https:\/\/www.talange-athletisme.fr\/index.php?rest_route=\/wp\/v2\/types\/post"}],"author":[{"embeddable":true,"href":"https:\/\/www.talange-athletisme.fr\/index.php?rest_route=\/wp\/v2\/users\/2"}],"replies":[{"embeddable":true,"href":"https:\/\/www.talange-athletisme.fr\/index.php?rest_route=%2Fwp%2Fv2%2Fcomments&post=319"}],"version-history":[{"count":1,"href":"https:\/\/www.talange-athletisme.fr\/index.php?rest_route=\/wp\/v2\/posts\/319\/revisions"}],"predecessor-version":[{"id":320,"href":"https:\/\/www.talange-athletisme.fr\/index.php?rest_route=\/wp\/v2\/posts\/319\/revisions\/320"}],"wp:attachment":[{"href":"https:\/\/www.talange-athletisme.fr\/index.php?rest_route=%2Fwp%2Fv2%2Fmedia&parent=319"}],"wp:term":[{"taxonomy":"category","embeddable":true,"href":"https:\/\/www.talange-athletisme.fr\/index.php?rest_route=%2Fwp%2Fv2%2Fcategories&post=319"},{"taxonomy":"post_tag","embeddable":true,"href":"https:\/\/www.talange-athletisme.fr\/index.php?rest_route=%2Fwp%2Fv2%2Ftags&post=319"}],"curies":[{"name":"wp","href":"https:\/\/api.w.org\/{rel}","templated":true}]}}