{"id":303,"date":"2018-10-07T09:30:15","date_gmt":"2018-10-07T07:30:15","guid":{"rendered":"https:\/\/www.talange-athletisme.fr\/?p=303"},"modified":"2019-07-26T16:58:34","modified_gmt":"2019-07-26T14:58:34","slug":"du-nouveau-a-talange-athletisme","status":"publish","type":"post","link":"https:\/\/www.talange-athletisme.fr\/?p=303","title":{"rendered":"Du nouveau \u00e0 TALANGE ATHLETISME &#8211; Ouverture Section Baby Athle"},"content":{"rendered":"<p>Ouverture d&rsquo;une section Baby Athl\u00e9 r\u00e9serv\u00e9e aux enfants n\u00e9s de 2014 \u00e0 2012.<\/p>\n<p>Les s\u00e9ances se d\u00e9rouleront salle Pierne les samedis entre 14 et 15 h et seront encadr\u00e9es par Julie, titulaire d&rsquo;un brevet d&rsquo;\u00e9tat.<\/p>\n<p>Cotisation de 130 \u20ac la saison, aide de l&rsquo;OMS de 20 \u20ac pour les Talangeois.<\/p>\n<p>Pourquoi tout renseignement compl\u00e9mentaire contacter <a href=\"mailto:jm.cavallin@wanadoo.fr\" target=\"_blank\" rel=\"noopener noreferrer\">jm.cavallin@wanadoo.fr<\/a> ou 06 72 02 93 22<\/p>\n","protected":false},"excerpt":{"rendered":"<p>Ouverture d&rsquo;une section Baby Athl\u00e9 r\u00e9serv\u00e9e aux enfants n\u00e9s de 2014 \u00e0 2012. Les s\u00e9ances se d\u00e9rouleront salle Pierne les<\/p>\n","protected":false},"author":2,"featured_media":0,"comment_status":"open","ping_status":"open","sticky":false,"template":"","format":"standard","meta":{"footnotes":""},"categories":[20],"tags":[],"yoast_head":"<!-- This site is optimized with the Yoast SEO plugin v15.5 - https:\/\/yoast.com\/wordpress\/plugins\/seo\/ -->\n<title>Du nouveau \u00e0 TALANGE ATHLETISME - Ouverture Section Baby Athle - Talange Athl\u00e9tisme<\/title>\n<meta name=\"robots\" content=\"index, follow, max-snippet:-1, max-image-preview:large, max-video-preview:-1\" \/>\n<link rel=\"canonical\" href=\"https:\/\/www.talange-athletisme.fr\/?p=303\" \/>\n<meta property=\"og:locale\" content=\"fr_FR\" \/>\n<meta property=\"og:type\" content=\"article\" \/>\n<meta property=\"og:title\" content=\"Du nouveau \u00e0 TALANGE ATHLETISME - Ouverture Section Baby Athle - Talange Athl\u00e9tisme\" \/>\n<meta property=\"og:description\" content=\"Ouverture d&rsquo;une section Baby Athl\u00e9 r\u00e9serv\u00e9e aux enfants n\u00e9s de 2014 \u00e0 2012. Les s\u00e9ances se d\u00e9rouleront salle Pierne les\" \/>\n<meta property=\"og:url\" content=\"https:\/\/www.talange-athletisme.fr\/?p=303\" \/>\n<meta property=\"og:site_name\" content=\"Talange Athl\u00e9tisme\" \/>\n<meta property=\"article:published_time\" content=\"2018-10-07T07:30:15+00:00\" \/>\n<meta property=\"article:modified_time\" content=\"2019-07-26T14:58:34+00:00\" \/>\n<meta name=\"twitter:card\" content=\"summary_large_image\" \/>\n<meta name=\"twitter:label1\" content=\"Dur\u00e9e de lecture est.\">\n\t<meta name=\"twitter:data1\" content=\"0 minute\">\n<script type=\"application\/ld+json\" class=\"yoast-schema-graph\">{\"@context\":\"https:\/\/schema.org\",\"@graph\":[{\"@type\":\"WebSite\",\"@id\":\"https:\/\/www.talange-athletisme.fr\/#website\",\"url\":\"https:\/\/www.talange-athletisme.fr\/\",\"name\":\"Talange Athl\\u00e9tisme\",\"description\":\"\",\"potentialAction\":[{\"@type\":\"SearchAction\",\"target\":\"https:\/\/www.talange-athletisme.fr\/?s={search_term_string}\",\"query-input\":\"required name=search_term_string\"}],\"inLanguage\":\"fr-FR\"},{\"@type\":\"WebPage\",\"@id\":\"https:\/\/www.talange-athletisme.fr\/?p=303#webpage\",\"url\":\"https:\/\/www.talange-athletisme.fr\/?p=303\",\"name\":\"Du nouveau \\u00e0 TALANGE ATHLETISME - Ouverture Section Baby Athle - Talange Athl\\u00e9tisme\",\"isPartOf\":{\"@id\":\"https:\/\/www.talange-athletisme.fr\/#website\"},\"datePublished\":\"2018-10-07T07:30:15+00:00\",\"dateModified\":\"2019-07-26T14:58:34+00:00\",\"author\":{\"@id\":\"https:\/\/www.talange-athletisme.fr\/#\/schema\/person\/28eed2875176e2e725076de1fd4f67a0\"},\"inLanguage\":\"fr-FR\",\"potentialAction\":[{\"@type\":\"ReadAction\",\"target\":[\"https:\/\/www.talange-athletisme.fr\/?p=303\"]}]},{\"@type\":\"Person\",\"@id\":\"https:\/\/www.talange-athletisme.fr\/#\/schema\/person\/28eed2875176e2e725076de1fd4f67a0\",\"name\":\"Jean-Marc Cavallin\",\"image\":{\"@type\":\"ImageObject\",\"@id\":\"https:\/\/www.talange-athletisme.fr\/#personlogo\",\"inLanguage\":\"fr-FR\",\"url\":\"https:\/\/secure.gravatar.com\/avatar\/68999f5de073d160bb4f93473f73eb6c?s=96&d=mm&r=g\",\"caption\":\"Jean-Marc Cavallin\"}}]}<\/script>\n<!-- \/ Yoast SEO plugin. -->","_links":{"self":[{"href":"https:\/\/www.talange-athletisme.fr\/index.php?rest_route=\/wp\/v2\/posts\/303"}],"collection":[{"href":"https:\/\/www.talange-athletisme.fr\/index.php?rest_route=\/wp\/v2\/posts"}],"about":[{"href":"https:\/\/www.talange-athletisme.fr\/index.php?rest_route=\/wp\/v2\/types\/post"}],"author":[{"embeddable":true,"href":"https:\/\/www.talange-athletisme.fr\/index.php?rest_route=\/wp\/v2\/users\/2"}],"replies":[{"embeddable":true,"href":"https:\/\/www.talange-athletisme.fr\/index.php?rest_route=%2Fwp%2Fv2%2Fcomments&post=303"}],"version-history":[{"count":6,"href":"https:\/\/www.talange-athletisme.fr\/index.php?rest_route=\/wp\/v2\/posts\/303\/revisions"}],"predecessor-version":[{"id":363,"href":"https:\/\/www.talange-athletisme.fr\/index.php?rest_route=\/wp\/v2\/posts\/303\/revisions\/363"}],"wp:attachment":[{"href":"https:\/\/www.talange-athletisme.fr\/index.php?rest_route=%2Fwp%2Fv2%2Fmedia&parent=303"}],"wp:term":[{"taxonomy":"category","embeddable":true,"href":"https:\/\/www.talange-athletisme.fr\/index.php?rest_route=%2Fwp%2Fv2%2Fcategories&post=303"},{"taxonomy":"post_tag","embeddable":true,"href":"https:\/\/www.talange-athletisme.fr\/index.php?rest_route=%2Fwp%2Fv2%2Ftags&post=303"}],"curies":[{"name":"wp","href":"https:\/\/api.w.org\/{rel}","templated":true}]}}