{"id":288,"date":"2018-08-10T19:29:38","date_gmt":"2018-08-10T17:29:38","guid":{"rendered":"https:\/\/www.talange-athletisme.fr\/?p=288"},"modified":"2018-08-29T15:07:00","modified_gmt":"2018-08-29T13:07:00","slug":"travaux-salle-pierne","status":"publish","type":"post","link":"https:\/\/www.talange-athletisme.fr\/?p=288","title":{"rendered":"Travaux salle Piern\u00e9"},"content":{"rendered":"<p>Je suis all\u00e9 ce matin visiter la salle Piern\u00e9 a la demande des srvices techniques. L&rsquo;ancien dojo est vide, l&rsquo;ancien revetement et le tatami ont \u00e9t\u00e9 enlev\u00e9s. Un r\u00e9agr\u00e9age va etre fait rapidement, suivi de la pose d&rsquo;un nouveau revetement (au mieux type Mondo, au pire un revetement plus fin suivant devis mais qui engloberai le couloir) ce qui nous ferait une belle ligne droite, les 2 portes formant le sas du dojo \u00e9tant enlev\u00e9es. Cet am\u00e9nagement serait termin\u00e9 pour la rentr\u00e9e, dixit le directeur des services. J&rsquo;attends des nouvelles et vous en dirait plus des que possible.<\/p>\n<p>Rappel ; les athletes souhaitant rester au club peuvent me pr\u00e9venir pour que je pr\u00e9saisisse leur licences. (Les certificats m\u00e9dicaux de 2016 et 2017 sont encore valables)<\/p>\n<p>Bonnes vacances pour ceux qui y sont encore !<\/p>\n<p>Jean-Marc<\/p>\n<p>&nbsp;<\/p>\n","protected":false},"excerpt":{"rendered":"<p>Je suis all\u00e9 ce matin visiter la salle Piern\u00e9 a la demande des srvices techniques. L&rsquo;ancien dojo est vide, l&rsquo;ancien<\/p>\n","protected":false},"author":2,"featured_media":263,"comment_status":"open","ping_status":"open","sticky":false,"template":"","format":"standard","meta":{"footnotes":""},"categories":[20],"tags":[],"yoast_head":"<!-- This site is optimized with the Yoast SEO plugin v15.5 - https:\/\/yoast.com\/wordpress\/plugins\/seo\/ -->\n<title>Travaux salle Piern\u00e9 - Talange Athl\u00e9tisme<\/title>\n<meta name=\"robots\" content=\"index, follow, max-snippet:-1, max-image-preview:large, max-video-preview:-1\" \/>\n<link rel=\"canonical\" href=\"https:\/\/www.talange-athletisme.fr\/?p=288\" \/>\n<meta property=\"og:locale\" content=\"fr_FR\" \/>\n<meta property=\"og:type\" content=\"article\" \/>\n<meta property=\"og:title\" content=\"Travaux salle Piern\u00e9 - Talange Athl\u00e9tisme\" \/>\n<meta property=\"og:description\" content=\"Je suis all\u00e9 ce matin visiter la salle Piern\u00e9 a la demande des srvices techniques. L&rsquo;ancien dojo est vide, l&rsquo;ancien\" \/>\n<meta property=\"og:url\" content=\"https:\/\/www.talange-athletisme.fr\/?p=288\" \/>\n<meta property=\"og:site_name\" content=\"Talange Athl\u00e9tisme\" \/>\n<meta property=\"article:published_time\" content=\"2018-08-10T17:29:38+00:00\" \/>\n<meta property=\"article:modified_time\" content=\"2018-08-29T13:07:00+00:00\" \/>\n<meta property=\"og:image\" content=\"https:\/\/www.talange-athletisme.fr\/wp-content\/uploads\/2018\/07\/Info.png\" \/>\n\t<meta property=\"og:image:width\" content=\"780\" \/>\n\t<meta property=\"og:image:height\" content=\"708\" \/>\n<meta name=\"twitter:card\" content=\"summary_large_image\" \/>\n<meta name=\"twitter:label1\" content=\"Dur\u00e9e de lecture est.\">\n\t<meta name=\"twitter:data1\" content=\"1 minute\">\n<script type=\"application\/ld+json\" class=\"yoast-schema-graph\">{\"@context\":\"https:\/\/schema.org\",\"@graph\":[{\"@type\":\"WebSite\",\"@id\":\"https:\/\/www.talange-athletisme.fr\/#website\",\"url\":\"https:\/\/www.talange-athletisme.fr\/\",\"name\":\"Talange Athl\\u00e9tisme\",\"description\":\"\",\"potentialAction\":[{\"@type\":\"SearchAction\",\"target\":\"https:\/\/www.talange-athletisme.fr\/?s={search_term_string}\",\"query-input\":\"required name=search_term_string\"}],\"inLanguage\":\"fr-FR\"},{\"@type\":\"ImageObject\",\"@id\":\"https:\/\/www.talange-athletisme.fr\/?p=288#primaryimage\",\"inLanguage\":\"fr-FR\",\"url\":\"https:\/\/www.talange-athletisme.fr\/wp-content\/uploads\/2018\/07\/Info.png\",\"width\":780,\"height\":708},{\"@type\":\"WebPage\",\"@id\":\"https:\/\/www.talange-athletisme.fr\/?p=288#webpage\",\"url\":\"https:\/\/www.talange-athletisme.fr\/?p=288\",\"name\":\"Travaux salle Piern\\u00e9 - Talange Athl\\u00e9tisme\",\"isPartOf\":{\"@id\":\"https:\/\/www.talange-athletisme.fr\/#website\"},\"primaryImageOfPage\":{\"@id\":\"https:\/\/www.talange-athletisme.fr\/?p=288#primaryimage\"},\"datePublished\":\"2018-08-10T17:29:38+00:00\",\"dateModified\":\"2018-08-29T13:07:00+00:00\",\"author\":{\"@id\":\"https:\/\/www.talange-athletisme.fr\/#\/schema\/person\/28eed2875176e2e725076de1fd4f67a0\"},\"inLanguage\":\"fr-FR\",\"potentialAction\":[{\"@type\":\"ReadAction\",\"target\":[\"https:\/\/www.talange-athletisme.fr\/?p=288\"]}]},{\"@type\":\"Person\",\"@id\":\"https:\/\/www.talange-athletisme.fr\/#\/schema\/person\/28eed2875176e2e725076de1fd4f67a0\",\"name\":\"Jean-Marc Cavallin\",\"image\":{\"@type\":\"ImageObject\",\"@id\":\"https:\/\/www.talange-athletisme.fr\/#personlogo\",\"inLanguage\":\"fr-FR\",\"url\":\"https:\/\/secure.gravatar.com\/avatar\/68999f5de073d160bb4f93473f73eb6c?s=96&d=mm&r=g\",\"caption\":\"Jean-Marc Cavallin\"}}]}<\/script>\n<!-- \/ Yoast SEO plugin. -->","_links":{"self":[{"href":"https:\/\/www.talange-athletisme.fr\/index.php?rest_route=\/wp\/v2\/posts\/288"}],"collection":[{"href":"https:\/\/www.talange-athletisme.fr\/index.php?rest_route=\/wp\/v2\/posts"}],"about":[{"href":"https:\/\/www.talange-athletisme.fr\/index.php?rest_route=\/wp\/v2\/types\/post"}],"author":[{"embeddable":true,"href":"https:\/\/www.talange-athletisme.fr\/index.php?rest_route=\/wp\/v2\/users\/2"}],"replies":[{"embeddable":true,"href":"https:\/\/www.talange-athletisme.fr\/index.php?rest_route=%2Fwp%2Fv2%2Fcomments&post=288"}],"version-history":[{"count":1,"href":"https:\/\/www.talange-athletisme.fr\/index.php?rest_route=\/wp\/v2\/posts\/288\/revisions"}],"predecessor-version":[{"id":289,"href":"https:\/\/www.talange-athletisme.fr\/index.php?rest_route=\/wp\/v2\/posts\/288\/revisions\/289"}],"wp:featuredmedia":[{"embeddable":true,"href":"https:\/\/www.talange-athletisme.fr\/index.php?rest_route=\/wp\/v2\/media\/263"}],"wp:attachment":[{"href":"https:\/\/www.talange-athletisme.fr\/index.php?rest_route=%2Fwp%2Fv2%2Fmedia&parent=288"}],"wp:term":[{"taxonomy":"category","embeddable":true,"href":"https:\/\/www.talange-athletisme.fr\/index.php?rest_route=%2Fwp%2Fv2%2Fcategories&post=288"},{"taxonomy":"post_tag","embeddable":true,"href":"https:\/\/www.talange-athletisme.fr\/index.php?rest_route=%2Fwp%2Fv2%2Ftags&post=288"}],"curies":[{"name":"wp","href":"https:\/\/api.w.org\/{rel}","templated":true}]}}