{"id":259,"date":"2018-07-16T17:20:05","date_gmt":"2018-07-16T15:20:05","guid":{"rendered":"http:\/\/www.talange-athletisme.fr\/?p=259"},"modified":"2019-07-26T16:47:19","modified_gmt":"2019-07-26T14:47:19","slug":"reinscription-2018-2019","status":"publish","type":"post","link":"https:\/\/www.talange-athletisme.fr\/?p=259","title":{"rendered":"R\u00e9inscription 2018-2019"},"content":{"rendered":"<div dir=\"auto\">Bonjour \u00e0 tous,<\/div>\n<div dir=\"auto\"><\/div>\n<div dir=\"auto\">Pour ceux d\u2019entre vous qui souhaitent rester au club la saison prochaine, vous pouvez me le signaler par mail afin de pr\u00e9saisr votre licence. Pensez a m\u2019indiquer quel type de licence vous souhaitez (Loisir, comp\u00e9tition ou encadrement). Les certificats medicaux dat\u00e9s de 2017 devraient etre encore valables, il vous faudra simplement r\u00e9pondre au questionnaire de sant\u00e9 qui vous sera adress\u00e9 par la FFA.<\/div>\n<div dir=\"auto\"><\/div>\n<div dir=\"auto\">En attendant, bonnes vacances.<\/div>\n<div dir=\"auto\"><\/div>\n<div dir=\"auto\">JM<\/div>\n","protected":false},"excerpt":{"rendered":"<p>Bonjour \u00e0 tous, Pour ceux d\u2019entre vous qui souhaitent rester au club la saison prochaine, vous pouvez me le signaler<\/p>\n","protected":false},"author":2,"featured_media":263,"comment_status":"open","ping_status":"open","sticky":false,"template":"","format":"standard","meta":{"footnotes":""},"categories":[20],"tags":[],"yoast_head":"<!-- This site is optimized with the Yoast SEO plugin v15.5 - https:\/\/yoast.com\/wordpress\/plugins\/seo\/ -->\n<title>R\u00e9inscription 2018-2019 - Talange Athl\u00e9tisme<\/title>\n<meta name=\"robots\" content=\"index, follow, max-snippet:-1, max-image-preview:large, max-video-preview:-1\" \/>\n<link rel=\"canonical\" href=\"https:\/\/www.talange-athletisme.fr\/?p=259\" \/>\n<meta property=\"og:locale\" content=\"fr_FR\" \/>\n<meta property=\"og:type\" content=\"article\" \/>\n<meta property=\"og:title\" content=\"R\u00e9inscription 2018-2019 - Talange Athl\u00e9tisme\" \/>\n<meta property=\"og:description\" content=\"Bonjour \u00e0 tous, Pour ceux d\u2019entre vous qui souhaitent rester au club la saison prochaine, vous pouvez me le signaler\" \/>\n<meta property=\"og:url\" content=\"https:\/\/www.talange-athletisme.fr\/?p=259\" \/>\n<meta property=\"og:site_name\" content=\"Talange Athl\u00e9tisme\" \/>\n<meta property=\"article:published_time\" content=\"2018-07-16T15:20:05+00:00\" \/>\n<meta property=\"article:modified_time\" content=\"2019-07-26T14:47:19+00:00\" \/>\n<meta property=\"og:image\" content=\"https:\/\/www.talange-athletisme.fr\/wp-content\/uploads\/2018\/07\/Info.png\" \/>\n\t<meta property=\"og:image:width\" content=\"780\" \/>\n\t<meta property=\"og:image:height\" content=\"708\" \/>\n<meta name=\"twitter:card\" content=\"summary_large_image\" \/>\n<meta name=\"twitter:label1\" content=\"Dur\u00e9e de lecture est.\">\n\t<meta name=\"twitter:data1\" content=\"0 minute\">\n<script type=\"application\/ld+json\" class=\"yoast-schema-graph\">{\"@context\":\"https:\/\/schema.org\",\"@graph\":[{\"@type\":\"WebSite\",\"@id\":\"https:\/\/www.talange-athletisme.fr\/#website\",\"url\":\"https:\/\/www.talange-athletisme.fr\/\",\"name\":\"Talange Athl\\u00e9tisme\",\"description\":\"\",\"potentialAction\":[{\"@type\":\"SearchAction\",\"target\":\"https:\/\/www.talange-athletisme.fr\/?s={search_term_string}\",\"query-input\":\"required name=search_term_string\"}],\"inLanguage\":\"fr-FR\"},{\"@type\":\"ImageObject\",\"@id\":\"https:\/\/www.talange-athletisme.fr\/?p=259#primaryimage\",\"inLanguage\":\"fr-FR\",\"url\":\"https:\/\/www.talange-athletisme.fr\/wp-content\/uploads\/2018\/07\/Info.png\",\"width\":780,\"height\":708},{\"@type\":\"WebPage\",\"@id\":\"https:\/\/www.talange-athletisme.fr\/?p=259#webpage\",\"url\":\"https:\/\/www.talange-athletisme.fr\/?p=259\",\"name\":\"R\\u00e9inscription 2018-2019 - Talange Athl\\u00e9tisme\",\"isPartOf\":{\"@id\":\"https:\/\/www.talange-athletisme.fr\/#website\"},\"primaryImageOfPage\":{\"@id\":\"https:\/\/www.talange-athletisme.fr\/?p=259#primaryimage\"},\"datePublished\":\"2018-07-16T15:20:05+00:00\",\"dateModified\":\"2019-07-26T14:47:19+00:00\",\"author\":{\"@id\":\"https:\/\/www.talange-athletisme.fr\/#\/schema\/person\/28eed2875176e2e725076de1fd4f67a0\"},\"inLanguage\":\"fr-FR\",\"potentialAction\":[{\"@type\":\"ReadAction\",\"target\":[\"https:\/\/www.talange-athletisme.fr\/?p=259\"]}]},{\"@type\":\"Person\",\"@id\":\"https:\/\/www.talange-athletisme.fr\/#\/schema\/person\/28eed2875176e2e725076de1fd4f67a0\",\"name\":\"Jean-Marc Cavallin\",\"image\":{\"@type\":\"ImageObject\",\"@id\":\"https:\/\/www.talange-athletisme.fr\/#personlogo\",\"inLanguage\":\"fr-FR\",\"url\":\"https:\/\/secure.gravatar.com\/avatar\/68999f5de073d160bb4f93473f73eb6c?s=96&d=mm&r=g\",\"caption\":\"Jean-Marc Cavallin\"}}]}<\/script>\n<!-- \/ Yoast SEO plugin. -->","_links":{"self":[{"href":"https:\/\/www.talange-athletisme.fr\/index.php?rest_route=\/wp\/v2\/posts\/259"}],"collection":[{"href":"https:\/\/www.talange-athletisme.fr\/index.php?rest_route=\/wp\/v2\/posts"}],"about":[{"href":"https:\/\/www.talange-athletisme.fr\/index.php?rest_route=\/wp\/v2\/types\/post"}],"author":[{"embeddable":true,"href":"https:\/\/www.talange-athletisme.fr\/index.php?rest_route=\/wp\/v2\/users\/2"}],"replies":[{"embeddable":true,"href":"https:\/\/www.talange-athletisme.fr\/index.php?rest_route=%2Fwp%2Fv2%2Fcomments&post=259"}],"version-history":[{"count":6,"href":"https:\/\/www.talange-athletisme.fr\/index.php?rest_route=\/wp\/v2\/posts\/259\/revisions"}],"predecessor-version":[{"id":364,"href":"https:\/\/www.talange-athletisme.fr\/index.php?rest_route=\/wp\/v2\/posts\/259\/revisions\/364"}],"wp:featuredmedia":[{"embeddable":true,"href":"https:\/\/www.talange-athletisme.fr\/index.php?rest_route=\/wp\/v2\/media\/263"}],"wp:attachment":[{"href":"https:\/\/www.talange-athletisme.fr\/index.php?rest_route=%2Fwp%2Fv2%2Fmedia&parent=259"}],"wp:term":[{"taxonomy":"category","embeddable":true,"href":"https:\/\/www.talange-athletisme.fr\/index.php?rest_route=%2Fwp%2Fv2%2Fcategories&post=259"},{"taxonomy":"post_tag","embeddable":true,"href":"https:\/\/www.talange-athletisme.fr\/index.php?rest_route=%2Fwp%2Fv2%2Ftags&post=259"}],"curies":[{"name":"wp","href":"https:\/\/api.w.org\/{rel}","templated":true}]}}