{"id":246,"date":"2018-07-08T17:15:44","date_gmt":"2018-07-08T15:15:44","guid":{"rendered":"http:\/\/www.talange-athletisme.fr\/?p=246"},"modified":"2018-07-16T17:04:41","modified_gmt":"2018-07-16T15:04:41","slug":"barbecue-de-fin-de-saison-2","status":"publish","type":"post","link":"https:\/\/www.talange-athletisme.fr\/?p=246","title":{"rendered":"Barbecue de fin de saison"},"content":{"rendered":"<p>Ce vendredi 29 juin 2018 a eu lieu le barbecue de fin d&rsquo;ann\u00e9e du club.<\/p>\n<p>Merci \u00e0 tous pour cette agr\u00e9able soir\u00e9e !<\/p>\n<p><img decoding=\"async\" loading=\"lazy\" class=\"alignnone size-medium wp-image-242\" src=\"https:\/\/talange-athletisme.fr\/wp-content\/uploads\/2018\/07\/Le-groupe-au-barbecue-2-300x225.jpg\" alt=\"\" width=\"300\" height=\"225\" srcset=\"https:\/\/www.talange-athletisme.fr\/wp-content\/uploads\/2018\/07\/Le-groupe-au-barbecue-2-300x225.jpg 300w, https:\/\/www.talange-athletisme.fr\/wp-content\/uploads\/2018\/07\/Le-groupe-au-barbecue-2-768x576.jpg 768w, https:\/\/www.talange-athletisme.fr\/wp-content\/uploads\/2018\/07\/Le-groupe-au-barbecue-2-1024x768.jpg 1024w, https:\/\/www.talange-athletisme.fr\/wp-content\/uploads\/2018\/07\/Le-groupe-au-barbecue-2-678x509.jpg 678w, https:\/\/www.talange-athletisme.fr\/wp-content\/uploads\/2018\/07\/Le-groupe-au-barbecue-2-326x245.jpg 326w, https:\/\/www.talange-athletisme.fr\/wp-content\/uploads\/2018\/07\/Le-groupe-au-barbecue-2-80x60.jpg 80w\" sizes=\"(max-width: 300px) 100vw, 300px\" \/> <img decoding=\"async\" loading=\"lazy\" class=\"alignnone size-medium wp-image-241\" src=\"https:\/\/talange-athletisme.fr\/wp-content\/uploads\/2018\/07\/Le-groupe-au-barbecue-1-300x225.jpg\" alt=\"\" width=\"300\" height=\"225\" srcset=\"https:\/\/www.talange-athletisme.fr\/wp-content\/uploads\/2018\/07\/Le-groupe-au-barbecue-1-300x225.jpg 300w, https:\/\/www.talange-athletisme.fr\/wp-content\/uploads\/2018\/07\/Le-groupe-au-barbecue-1-768x576.jpg 768w, https:\/\/www.talange-athletisme.fr\/wp-content\/uploads\/2018\/07\/Le-groupe-au-barbecue-1-1024x768.jpg 1024w, https:\/\/www.talange-athletisme.fr\/wp-content\/uploads\/2018\/07\/Le-groupe-au-barbecue-1-678x509.jpg 678w, https:\/\/www.talange-athletisme.fr\/wp-content\/uploads\/2018\/07\/Le-groupe-au-barbecue-1-326x245.jpg 326w, https:\/\/www.talange-athletisme.fr\/wp-content\/uploads\/2018\/07\/Le-groupe-au-barbecue-1-80x60.jpg 80w\" sizes=\"(max-width: 300px) 100vw, 300px\" \/><\/p>\n","protected":false},"excerpt":{"rendered":"<p>Ce vendredi 29 juin 2018 a eu lieu le barbecue de fin d&rsquo;ann\u00e9e du club. Merci \u00e0 tous pour cette<\/p>\n","protected":false},"author":3,"featured_media":242,"comment_status":"open","ping_status":"open","sticky":false,"template":"","format":"standard","meta":{"footnotes":""},"categories":[20],"tags":[],"yoast_head":"<!-- This site is optimized with the Yoast SEO plugin v15.5 - https:\/\/yoast.com\/wordpress\/plugins\/seo\/ -->\n<title>Barbecue de fin de saison - Talange Athl\u00e9tisme<\/title>\n<meta name=\"description\" content=\"Talange Athl\u00e9tisme - Club - Ce vendredi 29 juin 2018 a eu lieu le barbecue de fin d&#039;ann\u00e9e du club. Merci \u00e0 tous pour cette agr\u00e9able soir\u00e9e !\" \/>\n<meta name=\"robots\" content=\"index, follow, max-snippet:-1, max-image-preview:large, max-video-preview:-1\" \/>\n<link rel=\"canonical\" href=\"https:\/\/www.talange-athletisme.fr\/?p=246\" \/>\n<meta property=\"og:locale\" content=\"fr_FR\" \/>\n<meta property=\"og:type\" content=\"article\" \/>\n<meta property=\"og:title\" content=\"Barbecue de fin de saison - Talange Athl\u00e9tisme\" \/>\n<meta property=\"og:description\" content=\"Talange Athl\u00e9tisme - Club - Ce vendredi 29 juin 2018 a eu lieu le barbecue de fin d&#039;ann\u00e9e du club. Merci \u00e0 tous pour cette agr\u00e9able soir\u00e9e !\" \/>\n<meta property=\"og:url\" content=\"https:\/\/www.talange-athletisme.fr\/?p=246\" \/>\n<meta property=\"og:site_name\" content=\"Talange Athl\u00e9tisme\" \/>\n<meta property=\"article:published_time\" content=\"2018-07-08T15:15:44+00:00\" \/>\n<meta property=\"article:modified_time\" content=\"2018-07-16T15:04:41+00:00\" \/>\n<meta property=\"og:image\" content=\"https:\/\/www.talange-athletisme.fr\/wp-content\/uploads\/2018\/07\/Le-groupe-au-barbecue-2-1024x768.jpg\" \/>\n\t<meta property=\"og:image:width\" content=\"1024\" \/>\n\t<meta property=\"og:image:height\" content=\"768\" \/>\n<meta name=\"twitter:card\" content=\"summary_large_image\" \/>\n<meta name=\"twitter:label1\" content=\"Dur\u00e9e de lecture est.\">\n\t<meta name=\"twitter:data1\" content=\"0 minute\">\n<script type=\"application\/ld+json\" class=\"yoast-schema-graph\">{\"@context\":\"https:\/\/schema.org\",\"@graph\":[{\"@type\":\"WebSite\",\"@id\":\"https:\/\/www.talange-athletisme.fr\/#website\",\"url\":\"https:\/\/www.talange-athletisme.fr\/\",\"name\":\"Talange Athl\\u00e9tisme\",\"description\":\"\",\"potentialAction\":[{\"@type\":\"SearchAction\",\"target\":\"https:\/\/www.talange-athletisme.fr\/?s={search_term_string}\",\"query-input\":\"required name=search_term_string\"}],\"inLanguage\":\"fr-FR\"},{\"@type\":\"ImageObject\",\"@id\":\"https:\/\/www.talange-athletisme.fr\/?p=246#primaryimage\",\"inLanguage\":\"fr-FR\",\"url\":\"https:\/\/www.talange-athletisme.fr\/wp-content\/uploads\/2018\/07\/Le-groupe-au-barbecue-2.jpg\",\"width\":3264,\"height\":2448},{\"@type\":\"WebPage\",\"@id\":\"https:\/\/www.talange-athletisme.fr\/?p=246#webpage\",\"url\":\"https:\/\/www.talange-athletisme.fr\/?p=246\",\"name\":\"Barbecue de fin de saison - Talange Athl\\u00e9tisme\",\"isPartOf\":{\"@id\":\"https:\/\/www.talange-athletisme.fr\/#website\"},\"primaryImageOfPage\":{\"@id\":\"https:\/\/www.talange-athletisme.fr\/?p=246#primaryimage\"},\"datePublished\":\"2018-07-08T15:15:44+00:00\",\"dateModified\":\"2018-07-16T15:04:41+00:00\",\"author\":{\"@id\":\"https:\/\/www.talange-athletisme.fr\/#\/schema\/person\/51ea05e6ddc86da561f428ed0a3e4c01\"},\"description\":\"Talange Athl\\u00e9tisme - Club - Ce vendredi 29 juin 2018 a eu lieu le barbecue de fin d'ann\\u00e9e du club. Merci \\u00e0 tous pour cette agr\\u00e9able soir\\u00e9e !\",\"inLanguage\":\"fr-FR\",\"potentialAction\":[{\"@type\":\"ReadAction\",\"target\":[\"https:\/\/www.talange-athletisme.fr\/?p=246\"]}]},{\"@type\":\"Person\",\"@id\":\"https:\/\/www.talange-athletisme.fr\/#\/schema\/person\/51ea05e6ddc86da561f428ed0a3e4c01\",\"name\":\"Cl\\u00e9ment Ettinger\",\"image\":{\"@type\":\"ImageObject\",\"@id\":\"https:\/\/www.talange-athletisme.fr\/#personlogo\",\"inLanguage\":\"fr-FR\",\"url\":\"https:\/\/secure.gravatar.com\/avatar\/1d1c71450f1eb2f7413760ebcaed5ade?s=96&d=mm&r=g\",\"caption\":\"Cl\\u00e9ment Ettinger\"}}]}<\/script>\n<!-- \/ Yoast SEO plugin. -->","_links":{"self":[{"href":"https:\/\/www.talange-athletisme.fr\/index.php?rest_route=\/wp\/v2\/posts\/246"}],"collection":[{"href":"https:\/\/www.talange-athletisme.fr\/index.php?rest_route=\/wp\/v2\/posts"}],"about":[{"href":"https:\/\/www.talange-athletisme.fr\/index.php?rest_route=\/wp\/v2\/types\/post"}],"author":[{"embeddable":true,"href":"https:\/\/www.talange-athletisme.fr\/index.php?rest_route=\/wp\/v2\/users\/3"}],"replies":[{"embeddable":true,"href":"https:\/\/www.talange-athletisme.fr\/index.php?rest_route=%2Fwp%2Fv2%2Fcomments&post=246"}],"version-history":[{"count":2,"href":"https:\/\/www.talange-athletisme.fr\/index.php?rest_route=\/wp\/v2\/posts\/246\/revisions"}],"predecessor-version":[{"id":256,"href":"https:\/\/www.talange-athletisme.fr\/index.php?rest_route=\/wp\/v2\/posts\/246\/revisions\/256"}],"wp:featuredmedia":[{"embeddable":true,"href":"https:\/\/www.talange-athletisme.fr\/index.php?rest_route=\/wp\/v2\/media\/242"}],"wp:attachment":[{"href":"https:\/\/www.talange-athletisme.fr\/index.php?rest_route=%2Fwp%2Fv2%2Fmedia&parent=246"}],"wp:term":[{"taxonomy":"category","embeddable":true,"href":"https:\/\/www.talange-athletisme.fr\/index.php?rest_route=%2Fwp%2Fv2%2Fcategories&post=246"},{"taxonomy":"post_tag","embeddable":true,"href":"https:\/\/www.talange-athletisme.fr\/index.php?rest_route=%2Fwp%2Fv2%2Ftags&post=246"}],"curies":[{"name":"wp","href":"https:\/\/api.w.org\/{rel}","templated":true}]}}